{"id":9665,"date":"2006-01-19T20:00:01","date_gmt":"2006-01-19T20:00:01","guid":{"rendered":"https:\/\/www.lasalavincon.com\/todo-vincon-francesc-todo-2006\/"},"modified":"2022-03-30T18:58:06","modified_gmt":"2022-03-30T18:58:06","slug":"todo-vincon-francesc-todo-2006","status":"publish","type":"post","link":"https:\/\/www.lasalavincon.com\/ca\/todo-vincon-francesc-todo-2006\/","title":{"rendered":"237 &#8211; Francesc Tod\u00f3. Tod\u00f3-Vin\u00e7on (2006)"},"content":{"rendered":"<p><img decoding=\"async\" src=\"https:\/\/www.lasalavincon.com\/wp-content\/uploads\/2019\/img\/237.0a.jpg\" width=\"100%\" \/><\/p>\n<h1>Tod\u00f3-Vin\u00e7on<\/h1>\n<h2>Francesc Tod\u00f3<\/h2>\n<h3>19\/01\/06. (Sala 237)<\/h3>\n<p>Paco\u00a0Tod\u00f3\u00a0va fer la seva primera exposici\u00f3 individual a la Sala\u00a0Vin\u00e7on\u00a0en 1946, fa 60 anys.<\/p>\n<p>Amb motiu d&#8217;aquest aniversari,\u00a0Tod\u00f3\u00a0i\u00a0Vin\u00e7on\u00a0es retroben per a repassar, amb unes obres clau, una traject\u00f2ria en la hist\u00f2ria recent de la nostra modernitat.<\/p>\n<p>Tod\u00f3\u00a0ha conreat l&#8217;amistat i l&#8217;intercanvi intel\u00b7ligent amb escriptors, m\u00fasics, arquitectes i pensadors. La seva obra protagonitza alguns episodis clau de la reconstrucci\u00f3 de la modernitat al nostre pa\u00eds en la postguerra, amb un goig i una sensibilitat singulars.<\/p>\n<p>Commemorem que\u00a0Tod\u00f3\u00a0va fer la seva primera exposici\u00f3 individual fa ara seixanta anys a la Sala\u00a0Vin\u00e7on. En aquella \u00e8poca dif\u00edcil, la resist\u00e8ncia que\u00a0Tod\u00f3\u00a0va proposar, dins dels corrents d&#8217;inequ\u00edvoca avantguarda, va ser la de la bellesa, la serenitat i la ironia elegant. Encertada i impertinent estrat\u00e8gia: fer com si el pa\u00eds fos un altre.<\/p>\n<p>Tod\u00f3\u00a0va exposar a la Sala\u00a0Vin\u00e7on\u00a0en 1946 i en 1948. En les obres d&#8217;aquella \u00e8poca s&#8217;aprecia la concepci\u00f3 d&#8217;arrel\u00a0cezanniana, amb una tend\u00e8ncia constructiva molt marcada. En els anys cinquanta,\u00a0Tod\u00f3\u00a0conciliar\u00e0 ingenu\u00eftat i geometritzaci\u00f3 abstracta, de manera molt personal. Si la influ\u00e8ncia determinant dels seus contemporanis era l&#8217;informalisme europeu, ell mirava cap a Torres-Garc\u00eda i els dibuixos de\u00a0Saul\u00a0Steinberg. En la segona meitat de la d\u00e8cada definir\u00e0 la seva c\u00e8lebre iconografia de les m\u00e0quines. S\u00f3n uns anys complexos, de debats ideol\u00f2gics intensos.\u00a0Tod\u00f3\u00a0est\u00e0 en el centre de l&#8217;aposta per un art comprom\u00e8s, realista i modern, amb vocaci\u00f3 de transformaci\u00f3 social.<span class=\"Apple-converted-space\">\u00a0<\/span><\/p>\n<p>Se li dediquen dos llibres importants: <i>Tres assajos pol\u00e8mics sobre\u00a0Tod\u00f3<\/i>\u00a0i <i>Homenatge a\u00a0Tod\u00f3<\/i>\u00a0publicats per Joaquim\u00a0Horta\u00a0en 1961. Per\u00f2 la seva obra, m\u00e9s que militant, era l\u00edrica i sofisticada. De fet, va derivar cap a una f\u00f3rmula original d&#8217;Art Pop que recollia les constants d&#8217;una est\u00e8tica que Alexandre\u00a0Cirici\u00a0va definir com essencialment barcelonina, feta amb refinament i dom\u00e8stica quotidianitat.<\/p>\n<p>Paco Tod\u00f3\u00a0actuallitza cada mat\u00ed el ritual tan prosaic i tan po\u00e8tic de convocar la bellesa pintant.<\/p>\n","protected":false},"excerpt":{"rendered":"<p>La Sala Vin\u00e7on. Francesc Tod\u00f3. Tod\u00f3-Vin\u00e7on. 2006<\/p>\n","protected":false},"author":1,"featured_media":9666,"comment_status":"closed","ping_status":"closed","sticky":false,"template":"","format":"standard","meta":{"footnotes":""},"categories":[166,147],"tags":[],"class_list":["post-9665","post","type-post","status-publish","format-standard","has-post-thumbnail","hentry","category-2006-ca","category-exposiciones-la-sala-vincon-ca"],"_links":{"self":[{"href":"https:\/\/www.lasalavincon.com\/ca\/wp-json\/wp\/v2\/posts\/9665","targetHints":{"allow":["GET"]}}],"collection":[{"href":"https:\/\/www.lasalavincon.com\/ca\/wp-json\/wp\/v2\/posts"}],"about":[{"href":"https:\/\/www.lasalavincon.com\/ca\/wp-json\/wp\/v2\/types\/post"}],"author":[{"embeddable":true,"href":"https:\/\/www.lasalavincon.com\/ca\/wp-json\/wp\/v2\/users\/1"}],"replies":[{"embeddable":true,"href":"https:\/\/www.lasalavincon.com\/ca\/wp-json\/wp\/v2\/comments?post=9665"}],"version-history":[{"count":4,"href":"https:\/\/www.lasalavincon.com\/ca\/wp-json\/wp\/v2\/posts\/9665\/revisions"}],"predecessor-version":[{"id":13782,"href":"https:\/\/www.lasalavincon.com\/ca\/wp-json\/wp\/v2\/posts\/9665\/revisions\/13782"}],"wp:featuredmedia":[{"embeddable":true,"href":"https:\/\/www.lasalavincon.com\/ca\/wp-json\/wp\/v2\/media\/9666"}],"wp:attachment":[{"href":"https:\/\/www.lasalavincon.com\/ca\/wp-json\/wp\/v2\/media?parent=9665"}],"wp:term":[{"taxonomy":"category","embeddable":true,"href":"https:\/\/www.lasalavincon.com\/ca\/wp-json\/wp\/v2\/categories?post=9665"},{"taxonomy":"post_tag","embeddable":true,"href":"https:\/\/www.lasalavincon.com\/ca\/wp-json\/wp\/v2\/tags?post=9665"}],"curies":[{"name":"wp","href":"https:\/\/api.w.org\/{rel}","templated":true}]}}