{"id":9653,"date":"2006-03-30T20:00:01","date_gmt":"2006-03-30T20:00:01","guid":{"rendered":"https:\/\/www.lasalavincon.com\/segismundo-y-otros-mundos-sylvia-libedinsky-2006\/"},"modified":"2022-03-23T19:10:32","modified_gmt":"2022-03-23T19:10:32","slug":"segismundo-y-otros-mundos-sylvia-libedinsky-2006","status":"publish","type":"post","link":"https:\/\/www.lasalavincon.com\/ca\/segismundo-y-otros-mundos-sylvia-libedinsky-2006\/","title":{"rendered":"239 &#8211; Sylvia Libedinsky. Segismundo y otros mundos (2006)"},"content":{"rendered":"<p><img decoding=\"async\" src=\"https:\/\/www.lasalavincon.com\/wp-content\/uploads\/2019\/img\/239.0a.jpg\" width=\"100%\" \/><\/p>\n<h1>Segismundo y otros mundos<\/h1>\n<h2>Sylvia Libedinsky<\/h2>\n<h3>30\/03\/06. (Sala 239)<\/h3>\n<p>La polifac\u00e8tica Sylvia Libedinsky, arquitecta, artista pl\u00e0stica, dissenyadora, il.lustradora i versificadora, ha explorat l&#8217;art des de diverses plataformes i disciplines, per\u00f2 sense allunyar-se gaireb\u00e9 mai de la seva mirada ir\u00f2nica i burleta sobre els objectes que ens envolten, els esdeveniments pol\u00edtics i les tend\u00e8ncies socials del moment.<\/p>\n<p>A La Sala Vin\u00e7on presenta un c\u00f2mic del m\u00f3n modern, basat en la pe\u00e7a cl\u00e0ssica de Calder\u00f3n de la Barca \u00abLa Vida \u00e9s Somni\u00bb, el protagonista del qual \u00e9s Segismundo. Tamb\u00e9 es veuran animals musicals en acci\u00f3.<\/p>\n<p>1967 \u2013 Arquitecta. Universitat de Buenos Aires amb postgrau a Rotterdam.<br \/>\n1968\/76 \u2013 Forma part de l&#8217;equip d&#8217;escoles de Inner London Education Authority (ILEA).<br \/>\n1977 \u2013 Co-fundadora de Marshmallow (signatura que fabrica objectes tous que s\u00f3n seleccionats pel Design Council i distribu\u00efts mundialment).<br \/>\n1976\/2002 \u2013 Treballa en dissenys d&#8217;interiors i cadires per a diverses signatures, 1995 d&#8217;ara endavant: Il\u00b7lustradora, publicant regularment en el Financial Times (\u2018The Lax Column\u2019)i Daily Telegraph (\u2018Doubletekeaway\u201c) i la revista de la Royal Academy, en col\u00b7laboraci\u00f3 amb Nick Wadley. Tapes de llibres per a Methuen, Faber &amp; Faber i Royal Court Theatre.<\/p>\n","protected":false},"excerpt":{"rendered":"<p>La Sala Vin\u00e7on. Sylvia Libedinsky. Segismundo y otros mundos. 2006<\/p>\n","protected":false},"author":1,"featured_media":9654,"comment_status":"closed","ping_status":"closed","sticky":false,"template":"","format":"standard","meta":{"footnotes":""},"categories":[166,147],"tags":[],"class_list":["post-9653","post","type-post","status-publish","format-standard","has-post-thumbnail","hentry","category-2006-ca","category-exposiciones-la-sala-vincon-ca"],"_links":{"self":[{"href":"https:\/\/www.lasalavincon.com\/ca\/wp-json\/wp\/v2\/posts\/9653","targetHints":{"allow":["GET"]}}],"collection":[{"href":"https:\/\/www.lasalavincon.com\/ca\/wp-json\/wp\/v2\/posts"}],"about":[{"href":"https:\/\/www.lasalavincon.com\/ca\/wp-json\/wp\/v2\/types\/post"}],"author":[{"embeddable":true,"href":"https:\/\/www.lasalavincon.com\/ca\/wp-json\/wp\/v2\/users\/1"}],"replies":[{"embeddable":true,"href":"https:\/\/www.lasalavincon.com\/ca\/wp-json\/wp\/v2\/comments?post=9653"}],"version-history":[{"count":3,"href":"https:\/\/www.lasalavincon.com\/ca\/wp-json\/wp\/v2\/posts\/9653\/revisions"}],"predecessor-version":[{"id":13334,"href":"https:\/\/www.lasalavincon.com\/ca\/wp-json\/wp\/v2\/posts\/9653\/revisions\/13334"}],"wp:featuredmedia":[{"embeddable":true,"href":"https:\/\/www.lasalavincon.com\/ca\/wp-json\/wp\/v2\/media\/9654"}],"wp:attachment":[{"href":"https:\/\/www.lasalavincon.com\/ca\/wp-json\/wp\/v2\/media?parent=9653"}],"wp:term":[{"taxonomy":"category","embeddable":true,"href":"https:\/\/www.lasalavincon.com\/ca\/wp-json\/wp\/v2\/categories?post=9653"},{"taxonomy":"post_tag","embeddable":true,"href":"https:\/\/www.lasalavincon.com\/ca\/wp-json\/wp\/v2\/tags?post=9653"}],"curies":[{"name":"wp","href":"https:\/\/api.w.org\/{rel}","templated":true}]}}