{"id":9641,"date":"2006-06-08T20:00:02","date_gmt":"2006-06-08T20:00:02","guid":{"rendered":"https:\/\/www.lasalavincon.com\/system-180-wibke-isenberg-2006\/"},"modified":"2022-03-23T19:12:12","modified_gmt":"2022-03-23T19:12:12","slug":"system-180-wibke-isenberg-2006","status":"publish","type":"post","link":"https:\/\/www.lasalavincon.com\/ca\/system-180-wibke-isenberg-2006\/","title":{"rendered":"241 &#8211; Wibke Isenberg. System 180 (2006)"},"content":{"rendered":"<p><img decoding=\"async\" src=\"https:\/\/www.lasalavincon.com\/wp-content\/uploads\/2019\/img\/241.0a.jpg\" width=\"100%\" \/><\/p>\n<h1>System 180<\/h1>\n<h2>Wibke Isenberg<\/h2>\n<h3>08\/06\/06. (Sala 241)<\/h3>\n<p>L&#8217;empresa alemanya\u00a0System\u00a0180, en el seu vessant destinat a l&#8217;equipament mobiliari, desenvolupa i fabrica mobles adaptables per a entorns de treball i de vida moderns.\u00a0System\u00a0180 presenta per primera vegada una edici\u00f3 especial de material vernissat.<\/p>\n<p>Sota el lema\u00a0<i>konstruktives\u00a0chaos<\/i> (caos constructiu), s&#8217;exposar\u00e0 una instal\u00b7laci\u00f3 de 120 m\u00b2 composta per tubs de\u00a0System\u00a0180 vernissats en color vermell. Partint d&#8217;una composici\u00f3 convencional de taula escriptori, s&#8217;est\u00e9n al llarg de tota la sala una enorme construcci\u00f3 de prestatgeries que mostra la versatilitat i\u00a0modularidad\u00a0de\u00a0System\u00a0180.<\/p>\n<p>&nbsp;<\/p>\n","protected":false},"excerpt":{"rendered":"<p>La Sala Vin\u00e7on. Wibke Isenberg. System 180. 2006<\/p>\n","protected":false},"author":1,"featured_media":9642,"comment_status":"closed","ping_status":"closed","sticky":false,"template":"","format":"standard","meta":{"footnotes":""},"categories":[166,147],"tags":[],"class_list":["post-9641","post","type-post","status-publish","format-standard","has-post-thumbnail","hentry","category-2006-ca","category-exposiciones-la-sala-vincon-ca"],"_links":{"self":[{"href":"https:\/\/www.lasalavincon.com\/ca\/wp-json\/wp\/v2\/posts\/9641","targetHints":{"allow":["GET"]}}],"collection":[{"href":"https:\/\/www.lasalavincon.com\/ca\/wp-json\/wp\/v2\/posts"}],"about":[{"href":"https:\/\/www.lasalavincon.com\/ca\/wp-json\/wp\/v2\/types\/post"}],"author":[{"embeddable":true,"href":"https:\/\/www.lasalavincon.com\/ca\/wp-json\/wp\/v2\/users\/1"}],"replies":[{"embeddable":true,"href":"https:\/\/www.lasalavincon.com\/ca\/wp-json\/wp\/v2\/comments?post=9641"}],"version-history":[{"count":3,"href":"https:\/\/www.lasalavincon.com\/ca\/wp-json\/wp\/v2\/posts\/9641\/revisions"}],"predecessor-version":[{"id":13340,"href":"https:\/\/www.lasalavincon.com\/ca\/wp-json\/wp\/v2\/posts\/9641\/revisions\/13340"}],"wp:featuredmedia":[{"embeddable":true,"href":"https:\/\/www.lasalavincon.com\/ca\/wp-json\/wp\/v2\/media\/9642"}],"wp:attachment":[{"href":"https:\/\/www.lasalavincon.com\/ca\/wp-json\/wp\/v2\/media?parent=9641"}],"wp:term":[{"taxonomy":"category","embeddable":true,"href":"https:\/\/www.lasalavincon.com\/ca\/wp-json\/wp\/v2\/categories?post=9641"},{"taxonomy":"post_tag","embeddable":true,"href":"https:\/\/www.lasalavincon.com\/ca\/wp-json\/wp\/v2\/tags?post=9641"}],"curies":[{"name":"wp","href":"https:\/\/api.w.org\/{rel}","templated":true}]}}