{"id":9629,"date":"2006-10-10T20:00:02","date_gmt":"2006-10-10T20:00:02","guid":{"rendered":"https:\/\/www.lasalavincon.com\/el-casco-alas-a-la-imaginacion-alvaro-soler-arpa-2006\/"},"modified":"2022-05-27T13:49:48","modified_gmt":"2022-05-27T13:49:48","slug":"el-casco-alas-a-la-imaginacion-alvaro-soler-arpa-2006","status":"publish","type":"post","link":"https:\/\/www.lasalavincon.com\/ca\/el-casco-alas-a-la-imaginacion-alvaro-soler-arpa-2006\/","title":{"rendered":"243 &#8211; Alvaro Soler Arpa. El Casco: Alas a la imaginaci\u00f3n (2006)"},"content":{"rendered":"<p><img decoding=\"async\" src=\"https:\/\/www.lasalavincon.com\/wp-content\/uploads\/2019\/img\/243.0a.jpg\" width=\"100%\" \/><\/p>\n<h1>El Casco: Alas a la imaginaci\u00f3n<\/h1>\n<h2>Alvaro Soler Arpa<\/h2>\n<h3>10\/10\/06. (Sala 243)<\/h3>\n<p>Asaign sorgeix d\u2019una barreja de conceptes com imaginaci\u00f3 i fantasia amb l\u2019afici\u00f3 per l\u2019est\u00e8tica dels esports de motor, que al mateix temps, impliquen altres conceptes atractius com s\u00f3n agressivitat, risc, velocitat&#8230;<\/p>\n<p>El casc, avui dia, \u00e9s un dels pocs objectes industrialitzats d\u2019\u00fas quotidi\u00e0, que admet en gran mesura l\u2019art de la decoraci\u00f3 i la pintura a la seva superf\u00edcie. \u00c9s un suport pict\u00f2ric m\u00e9s, com ho \u00e9s la paret pel graffiti la tela per l\u2019obra pict\u00f2rica.<\/p>\n<p>El casc \u00e9s una pe\u00e7a que ha estat present al llarg de la hist\u00f2ria. Present en guerres, en llegendes i en contes. Ha format part de l\u2019indument\u00e0ria de l\u2019home des de fa molts i molts anys. \u00c9s part d\u2019una \u201cdisfressa\u201d cobrint el cap i protegint-la, \u201cdisfressa\u201d que ens obre les portes a la imaginaci\u00f3. Aquesta \u00e9s la seva m\u00e0gia<\/p>\n<p><img decoding=\"async\" src=\"https:\/\/www.lasalavincon.com\/wp-content\/uploads\/2019\/img\/243.0b.jpg\" width=\"100%\" \/><br \/>\n<img decoding=\"async\" src=\"https:\/\/www.lasalavincon.com\/wp-content\/uploads\/2022\/lol\/243_1.jpg\" width=\"100%\" \/><br \/>\n<img decoding=\"async\" src=\"https:\/\/www.lasalavincon.com\/wp-content\/uploads\/2022\/lol\/243_2.jpg\" width=\"100%\" \/><br \/>\n<img decoding=\"async\" src=\"https:\/\/www.lasalavincon.com\/wp-content\/uploads\/2022\/lol\/243_3.jpg\" width=\"100%\" \/><br \/>\n<img decoding=\"async\" src=\"https:\/\/www.lasalavincon.com\/wp-content\/uploads\/2022\/lol\/243_4.jpg\" width=\"100%\" \/><br \/>\n<img decoding=\"async\" src=\"https:\/\/www.lasalavincon.com\/wp-content\/uploads\/2022\/lol\/243_5.jpg\" width=\"100%\" \/><\/p>\n","protected":false},"excerpt":{"rendered":"<p>La Sala Vin\u00e7on. Alvaro Soler Arpa. El Casco: Alas a la imaginaci\u00f3n. 2006<\/p>\n","protected":false},"author":1,"featured_media":9630,"comment_status":"closed","ping_status":"closed","sticky":false,"template":"","format":"standard","meta":{"footnotes":""},"categories":[166,147],"tags":[],"class_list":["post-9629","post","type-post","status-publish","format-standard","has-post-thumbnail","hentry","category-2006-ca","category-exposiciones-la-sala-vincon-ca"],"_links":{"self":[{"href":"https:\/\/www.lasalavincon.com\/ca\/wp-json\/wp\/v2\/posts\/9629","targetHints":{"allow":["GET"]}}],"collection":[{"href":"https:\/\/www.lasalavincon.com\/ca\/wp-json\/wp\/v2\/posts"}],"about":[{"href":"https:\/\/www.lasalavincon.com\/ca\/wp-json\/wp\/v2\/types\/post"}],"author":[{"embeddable":true,"href":"https:\/\/www.lasalavincon.com\/ca\/wp-json\/wp\/v2\/users\/1"}],"replies":[{"embeddable":true,"href":"https:\/\/www.lasalavincon.com\/ca\/wp-json\/wp\/v2\/comments?post=9629"}],"version-history":[{"count":4,"href":"https:\/\/www.lasalavincon.com\/ca\/wp-json\/wp\/v2\/posts\/9629\/revisions"}],"predecessor-version":[{"id":14814,"href":"https:\/\/www.lasalavincon.com\/ca\/wp-json\/wp\/v2\/posts\/9629\/revisions\/14814"}],"wp:featuredmedia":[{"embeddable":true,"href":"https:\/\/www.lasalavincon.com\/ca\/wp-json\/wp\/v2\/media\/9630"}],"wp:attachment":[{"href":"https:\/\/www.lasalavincon.com\/ca\/wp-json\/wp\/v2\/media?parent=9629"}],"wp:term":[{"taxonomy":"category","embeddable":true,"href":"https:\/\/www.lasalavincon.com\/ca\/wp-json\/wp\/v2\/categories?post=9629"},{"taxonomy":"post_tag","embeddable":true,"href":"https:\/\/www.lasalavincon.com\/ca\/wp-json\/wp\/v2\/tags?post=9629"}],"curies":[{"name":"wp","href":"https:\/\/api.w.org\/{rel}","templated":true}]}}