{"id":9623,"date":"2006-11-14T20:00:02","date_gmt":"2006-11-14T20:00:02","guid":{"rendered":"https:\/\/www.lasalavincon.com\/les-methodes-creatives-de-elbulli-faces-ferran-adria-2006\/"},"modified":"2022-04-17T07:18:24","modified_gmt":"2022-04-17T07:18:24","slug":"les-methodes-creatives-de-elbulli-faces-ferran-adria-2006","status":"publish","type":"post","link":"https:\/\/www.lasalavincon.com\/ca\/les-methodes-creatives-de-elbulli-faces-ferran-adria-2006\/","title":{"rendered":"244 &#8211; Faces &#8211; Ferran Adri\u00e1. Les m\u00e9thodes cr\u00e9atives de ElBulli (2006)"},"content":{"rendered":"<p><img decoding=\"async\" src=\"https:\/\/www.lasalavincon.com\/wp-content\/uploads\/2019\/img\/244.0a.jpg\" width=\"100%\" \/><\/p>\n<h1>Les m\u00e9thodes cr\u00e9atives de ElBulli<\/h1>\n<h2>Faces &#8211; Ferran Adri\u00e1<\/h2>\n<h3>14\/11\/06. (Sala 244)<\/h3>\n<p>Presentada al Centre Pompidou el 2005, aquesta exposici\u00f3 explica el proc\u00e9s d&#8217;innovaci\u00f3 gastron\u00f2mica portada a terme per Ferran Adri\u00e0 i la seva interrelaci\u00f3 amb el disseny industrial de Luki Huber.<\/p>\n<p>Sferificaci\u00f3, deconstrucci\u00f3, nova caramelitzaci\u00f3, elaboracions amb nitr\u00f2gen l\u00edquid, escumes, aires, gelatines calentes&#8230; s\u00f3n t\u00e8cniques i conceptes ambe els que Ferran Adri\u00e0 ha canviat l&#8217;art de la gastronomia i que han perm\u00e8s al restaurant elBulli mantenir-se al cim de la cuina internacional.<\/p>\n<p>El dissenyador industrial Luki Huber col\u00b7labora des de 2002 amb Ferran Adri\u00e0 a la selecci\u00f3 i el disseny d&#8217;objectes i estris que permeten la preparaci\u00f3 i presentaci\u00f3 de les noves receptes de elBulli, alguns dels quals formen part de la col\u00b7lecci\u00f3 FACES Ferran Adri\u00e0.<\/p>\n<p><a href=\"https:\/\/vimeo.com\/24463503\" target=\"_blank\" rel=\"noopener\"><strong>M\u00c9S EN VIMEO<\/strong><\/a><\/p>\n","protected":false},"excerpt":{"rendered":"<p>La Sala Vin\u00e7on. Faces &#8211; Ferran Adri\u00e1. Les m\u00e9thodes cr\u00e9atives de ElBulli. 2006<\/p>\n","protected":false},"author":1,"featured_media":9624,"comment_status":"closed","ping_status":"closed","sticky":false,"template":"","format":"standard","meta":{"footnotes":""},"categories":[166,147],"tags":[],"class_list":["post-9623","post","type-post","status-publish","format-standard","has-post-thumbnail","hentry","category-2006-ca","category-exposiciones-la-sala-vincon-ca"],"_links":{"self":[{"href":"https:\/\/www.lasalavincon.com\/ca\/wp-json\/wp\/v2\/posts\/9623","targetHints":{"allow":["GET"]}}],"collection":[{"href":"https:\/\/www.lasalavincon.com\/ca\/wp-json\/wp\/v2\/posts"}],"about":[{"href":"https:\/\/www.lasalavincon.com\/ca\/wp-json\/wp\/v2\/types\/post"}],"author":[{"embeddable":true,"href":"https:\/\/www.lasalavincon.com\/ca\/wp-json\/wp\/v2\/users\/1"}],"replies":[{"embeddable":true,"href":"https:\/\/www.lasalavincon.com\/ca\/wp-json\/wp\/v2\/comments?post=9623"}],"version-history":[{"count":4,"href":"https:\/\/www.lasalavincon.com\/ca\/wp-json\/wp\/v2\/posts\/9623\/revisions"}],"predecessor-version":[{"id":14326,"href":"https:\/\/www.lasalavincon.com\/ca\/wp-json\/wp\/v2\/posts\/9623\/revisions\/14326"}],"wp:featuredmedia":[{"embeddable":true,"href":"https:\/\/www.lasalavincon.com\/ca\/wp-json\/wp\/v2\/media\/9624"}],"wp:attachment":[{"href":"https:\/\/www.lasalavincon.com\/ca\/wp-json\/wp\/v2\/media?parent=9623"}],"wp:term":[{"taxonomy":"category","embeddable":true,"href":"https:\/\/www.lasalavincon.com\/ca\/wp-json\/wp\/v2\/categories?post=9623"},{"taxonomy":"post_tag","embeddable":true,"href":"https:\/\/www.lasalavincon.com\/ca\/wp-json\/wp\/v2\/tags?post=9623"}],"curies":[{"name":"wp","href":"https:\/\/api.w.org\/{rel}","templated":true}]}}