{"id":9605,"date":"2007-02-22T20:00:02","date_gmt":"2007-02-22T20:00:02","guid":{"rendered":"https:\/\/www.lasalavincon.com\/20-anos-de-costanza-luceplan-2007\/"},"modified":"2022-05-27T13:50:32","modified_gmt":"2022-05-27T13:50:32","slug":"20-anos-de-costanza-luceplan-2007","status":"publish","type":"post","link":"https:\/\/www.lasalavincon.com\/ca\/20-anos-de-costanza-luceplan-2007\/","title":{"rendered":"247 &#8211; Luceplan. 20 a\u00f1os de Costanza (2007)"},"content":{"rendered":"<p><img decoding=\"async\" src=\"https:\/\/www.lasalavincon.com\/wp-content\/uploads\/2019\/img\/247.0a.jpg\" width=\"100%\" \/><\/p>\n<h1>20 a\u00f1os de Costanza<\/h1>\n<h2>Luceplan<\/h2>\n<h3>22\/02\/07. (Sala 247)<\/h3>\n<p>GRAN COSTANZA &#8211; La Costanza de Paolo Rizzatto compleix 20 anys i es fa Gran.<\/p>\n<p>Icona del disseny, ha travessat estils i \u00e8poques diverses romanent invariable en el temps, sempre apropiada, actual, elegant. En 1986 el projecte de Paolo Rizzato revoluciona el m\u00f3n de la il\u00b7luminaci\u00f3.<\/p>\n<p>La tipologia tradicional \u201cabat-jour\u201d, que fins llavors preveia una base pesada, inamovible, i una pantalla de tela o cristall, es reinventa amb materials renovats. Una simple pantalla en policarbonat, un subtil peu d&#8217;alumini i un dimmer sensorial amb vareta contribueixen a la reducci\u00f3 formal de l&#8217;arquetip de la il\u00b7luminaci\u00f3, a la realitzaci\u00f3 d&#8217;una nova i equilibrada lleugeresa.<\/p>\n<p>L&#8217;\u00e8xit mundial del llum es determina per l&#8217;oscil\u00b7laci\u00f3 entre tradici\u00f3 i tecnologia i per l&#8217;extraordin\u00e0ria capacitat per a difondre una llum c\u00e0lida, intima i envolupant. En aquests anys Costanza s&#8217;ha utilitzat en innombrables projectes signats per notables arquitectes. Costanza \u00e9s tamb\u00e9 el llum que il\u00b7lumina innombrables cases privades a tot el m\u00f3n, introduint-se amb naturalitat en qualsevol decoraci\u00f3, des de l&#8217;estil m\u00e9s modern al m\u00e9s tradicional.<\/p>\n<p>Per a celebrar el seu incommensurable \u00e8xit, Luceplan proposa ara noves proporcions capaces d&#8217;explicar la grandesa. Els mateixos materials i la mateixa tecnologia, signes inconfusibles d&#8217;un projecte d\u2019avantguarda. Gran Costanza converteix una pres\u00e8ncia tan visible com lleugera, capa\u00e7 de decorar els espais amb el seu aspecte simple per\u00f2 al mateix temps rigor\u00f3s. La llum de la pantalla \u00e9s sempre agradable, intensa i dom\u00e8stica, apta per a il\u00b7luminar els ambients privats igual que els p\u00fablics.<\/p>\n<p><img decoding=\"async\" src=\"https:\/\/www.lasalavincon.com\/wp-content\/uploads\/2022\/lol\/247_01.jpg\" width=\"100%\" \/><br \/>\n<img decoding=\"async\" src=\"https:\/\/www.lasalavincon.com\/wp-content\/uploads\/2022\/lol\/247_02.jpg\" width=\"100%\" \/><br \/>\n<img decoding=\"async\" src=\"https:\/\/www.lasalavincon.com\/wp-content\/uploads\/2022\/lol\/247_03.jpg\" width=\"100%\" \/><br \/>\n<img decoding=\"async\" src=\"https:\/\/www.lasalavincon.com\/wp-content\/uploads\/2022\/lol\/247_04.jpg\" width=\"100%\" \/><\/p>\n","protected":false},"excerpt":{"rendered":"<p>La Sala Vin\u00e7on. Luceplan. 20 a\u00f1os de Costanza. 2007<\/p>\n","protected":false},"author":1,"featured_media":9606,"comment_status":"closed","ping_status":"closed","sticky":false,"template":"","format":"standard","meta":{"footnotes":""},"categories":[164,147],"tags":[],"class_list":["post-9605","post","type-post","status-publish","format-standard","has-post-thumbnail","hentry","category-2007-ca","category-exposiciones-la-sala-vincon-ca"],"_links":{"self":[{"href":"https:\/\/www.lasalavincon.com\/ca\/wp-json\/wp\/v2\/posts\/9605","targetHints":{"allow":["GET"]}}],"collection":[{"href":"https:\/\/www.lasalavincon.com\/ca\/wp-json\/wp\/v2\/posts"}],"about":[{"href":"https:\/\/www.lasalavincon.com\/ca\/wp-json\/wp\/v2\/types\/post"}],"author":[{"embeddable":true,"href":"https:\/\/www.lasalavincon.com\/ca\/wp-json\/wp\/v2\/users\/1"}],"replies":[{"embeddable":true,"href":"https:\/\/www.lasalavincon.com\/ca\/wp-json\/wp\/v2\/comments?post=9605"}],"version-history":[{"count":5,"href":"https:\/\/www.lasalavincon.com\/ca\/wp-json\/wp\/v2\/posts\/9605\/revisions"}],"predecessor-version":[{"id":14820,"href":"https:\/\/www.lasalavincon.com\/ca\/wp-json\/wp\/v2\/posts\/9605\/revisions\/14820"}],"wp:featuredmedia":[{"embeddable":true,"href":"https:\/\/www.lasalavincon.com\/ca\/wp-json\/wp\/v2\/media\/9606"}],"wp:attachment":[{"href":"https:\/\/www.lasalavincon.com\/ca\/wp-json\/wp\/v2\/media?parent=9605"}],"wp:term":[{"taxonomy":"category","embeddable":true,"href":"https:\/\/www.lasalavincon.com\/ca\/wp-json\/wp\/v2\/categories?post=9605"},{"taxonomy":"post_tag","embeddable":true,"href":"https:\/\/www.lasalavincon.com\/ca\/wp-json\/wp\/v2\/tags?post=9605"}],"curies":[{"name":"wp","href":"https:\/\/api.w.org\/{rel}","templated":true}]}}