{"id":9521,"date":"2008-10-16T20:00:04","date_gmt":"2008-10-16T20:00:04","guid":{"rendered":"https:\/\/www.lasalavincon.com\/indeterminate-cases-ralph-ball-maxine-naylor-2008\/"},"modified":"2022-04-12T15:10:19","modified_gmt":"2022-04-12T15:10:19","slug":"indeterminate-cases-ralph-ball-maxine-naylor-2008","status":"publish","type":"post","link":"https:\/\/www.lasalavincon.com\/ca\/indeterminate-cases-ralph-ball-maxine-naylor-2008\/","title":{"rendered":"262 &#8211; Ralph Ball &#038; Maxine Naylor. Indeterminate cases (2008)"},"content":{"rendered":"<p><img decoding=\"async\" src=\"https:\/\/www.lasalavincon.com\/wp-content\/uploads\/2019\/img\/262.0a.jpg\" width=\"100%\" \/><\/p>\n<h1>Indeterminate cases<\/h1>\n<h2>Ralph Ball &amp; Maxine Naylor<\/h2>\n<h3>16\/10\/08. (Sala 262)<\/h3>\n<p>\u2018Cassos Indeterminats\u2019, la darrera exposici\u00f3 de Ralph Ball i Maxine Naylor a La Sala Vin\u00e7on de Barcelona, amplia el vocabulari visual explorat al seu llibre Form Follows Idea (La forma segueix a la idea). Ball i Naylor fan servir el disseny per comunicar-ne idees, aix\u00ed com el potencial estrat\u00e8gic del proc\u00e9s de creaci\u00f3, per tal de comprendre temes de la societat actual.<\/p>\n<p>En \u201cCassos Indeterminats\u201d, cadires normals, que fem servir a diari, s\u00f3n redissenyades per q\u00fcestionar la nostra relaci\u00f3 amb conceptes com la utilitat, la familiaritat, l\u2019obsolesc\u00e8ncia, la sostenibilitat i el valor.<\/p>\n<p>L\u2019exposici\u00f3 presenta dues col\u00b7leccions noves sobre el seu treball, \u2018Anatomia de Cadira&#8217;, una s\u00e8rie de construccions amuntegades \/ connectades i \u2018Arxiu de Cadira\u2019, un grup de 20 centenars d\u2019exemplars encaixats que interaccionen ambiguament entre continent i contingut.<\/p>\n<p>En el prefaci de Form Follows Idea (La forma segueix a la idea), Jeremy Myerson escriu \u201cNo \u00e9s per res que Maxine Naylor i Ralph Ball s\u00f3n considerats sens dubte entre els m\u00e9s reflexius dissenyadors de mobles de la Gran Bretanya. Han generat, de manera lenta i curosa, l\u2019\u00edmpetu intel\u00b7lectual necessari per conduir l\u2019estudi del significat d\u2019objectes cap el territori en qu\u00e8 el disseny es troba amb l\u2019art. Filosofia pr\u00e0ctica, podria ser una manera per descriure el seu apropament\u2026 En un m\u00f3n marcat pel debat creixent sobre el disseny, en el qual el discurs acostuma a generar-se i sustentar-se principalment per comentaristes externs, Ball i Naylor reclamen el rol dels dissenyadors. Ho fan des del marc del mateix objecte: cadires i llums, per exemple, van m\u00e9s enll\u00e0 de la seva funci\u00f3 o simbologia per reflexionar ir\u00f2nicament sobre el seu significat cultural. Aquesta estrat\u00e8gia no es desenvolupa en un tres i no res. Ball i Taylor han anat configurant aquest cam\u00ed poc a poc, tot i fent servir la seva fascinaci\u00f3 amb el Modern Movement per q\u00fcestionar d\u2019una manera tranquil\u00b7la, enigm\u00e0tica per\u00f2 pol\u00e8mica, al cap i a la fi, all\u00f2 que el disseny modern realment significa\u201d.<\/p>\n<p>Ball i Naylor comenten sobre la seva feina:<br \/>\n\u201c\u00c9s important restablir l\u2019observaci\u00f3 i la comunicaci\u00f3 visual: per frenar la proliferaci\u00f3 irreflexiva i la duplicitat superficial. \u00c9s el moment de realitzar comentaris cr\u00edtics i ir\u00f2nics sobre la nostra condici\u00f3 i la nostra cultura de consum, tant de material com d\u2019informaci\u00f3. \u00c9s el moment d\u2019avaluar el que tenim, rebutjar la superficialitat i jugar seriosament. \u00c9s el moment de renovar sentit i contingut en el m\u00f3n del disseny. Ens interessa trobar formes d\u2019expressi\u00f3 en les quals l\u2019estructura i la resoluci\u00f3 material es tinguin en consideraci\u00f3 i l\u2019objecte dissenyat pugui ser contemplat com una informaci\u00f3 cultural. La nostra feina, ara, es sustenta en reconnectar i construir capes aut\u00e8ntiques de significat que tornin a donar sentit als objectes que han perdut el seu principal fonament i valor sota la proliferaci\u00f3 de c\u00f2pies inferiors. Avui, la producci\u00f3 pertany a qualsevol persona amb un ordenador. Velocitat, quantitat i el poder seductor de la fabricaci\u00f3 s\u2019han convertit en finalitats, en lloc de mitjans. El significat ha desaparegut com un m\u00e8tode superat.\u201d<\/p>\n<p>Extret de Form Follows Idea, Ball i Taylor, 2005. Publicat per Black Dog<\/p>\n<p><img decoding=\"async\" src=\"https:\/\/www.lasalavincon.com\/wp-content\/uploads\/2022\/lol\/262_1.jpg\" width=\"100%\" \/><br \/>\n<img decoding=\"async\" src=\"https:\/\/www.lasalavincon.com\/wp-content\/uploads\/2022\/lol\/262_2.jpg\" width=\"100%\" \/><br \/>\n<img decoding=\"async\" src=\"https:\/\/www.lasalavincon.com\/wp-content\/uploads\/2022\/lol\/262_3.jpg\" width=\"100%\" \/><br \/>\n<img decoding=\"async\" src=\"https:\/\/www.lasalavincon.com\/wp-content\/uploads\/2022\/lol\/262_4.jpg\" width=\"100%\" \/><br \/>\n<img decoding=\"async\" src=\"https:\/\/www.lasalavincon.com\/wp-content\/uploads\/2022\/lol\/262_5.jpg\" width=\"100%\" \/><br \/>\n<img decoding=\"async\" src=\"https:\/\/www.lasalavincon.com\/wp-content\/uploads\/2022\/lol\/262_6.jpg\" width=\"100%\" \/><\/p>\n","protected":false},"excerpt":{"rendered":"<p>La Sala Vin\u00e7on. Ralph Ball &#038; Maxine Naylor. Indeterminate cases. 2008<\/p>\n","protected":false},"author":1,"featured_media":9522,"comment_status":"closed","ping_status":"closed","sticky":false,"template":"","format":"standard","meta":{"footnotes":""},"categories":[162,147],"tags":[],"class_list":["post-9521","post","type-post","status-publish","format-standard","has-post-thumbnail","hentry","category-2008-ca","category-exposiciones-la-sala-vincon-ca"],"_links":{"self":[{"href":"https:\/\/www.lasalavincon.com\/ca\/wp-json\/wp\/v2\/posts\/9521","targetHints":{"allow":["GET"]}}],"collection":[{"href":"https:\/\/www.lasalavincon.com\/ca\/wp-json\/wp\/v2\/posts"}],"about":[{"href":"https:\/\/www.lasalavincon.com\/ca\/wp-json\/wp\/v2\/types\/post"}],"author":[{"embeddable":true,"href":"https:\/\/www.lasalavincon.com\/ca\/wp-json\/wp\/v2\/users\/1"}],"replies":[{"embeddable":true,"href":"https:\/\/www.lasalavincon.com\/ca\/wp-json\/wp\/v2\/comments?post=9521"}],"version-history":[{"count":4,"href":"https:\/\/www.lasalavincon.com\/ca\/wp-json\/wp\/v2\/posts\/9521\/revisions"}],"predecessor-version":[{"id":14280,"href":"https:\/\/www.lasalavincon.com\/ca\/wp-json\/wp\/v2\/posts\/9521\/revisions\/14280"}],"wp:featuredmedia":[{"embeddable":true,"href":"https:\/\/www.lasalavincon.com\/ca\/wp-json\/wp\/v2\/media\/9522"}],"wp:attachment":[{"href":"https:\/\/www.lasalavincon.com\/ca\/wp-json\/wp\/v2\/media?parent=9521"}],"wp:term":[{"taxonomy":"category","embeddable":true,"href":"https:\/\/www.lasalavincon.com\/ca\/wp-json\/wp\/v2\/categories?post=9521"},{"taxonomy":"post_tag","embeddable":true,"href":"https:\/\/www.lasalavincon.com\/ca\/wp-json\/wp\/v2\/tags?post=9521"}],"curies":[{"name":"wp","href":"https:\/\/api.w.org\/{rel}","templated":true}]}}