{"id":9503,"date":"2009-07-09T20:00:04","date_gmt":"2009-07-09T20:00:04","guid":{"rendered":"https:\/\/www.lasalavincon.com\/barbie-loves-vincon-mattel-2009\/"},"modified":"2022-05-27T14:03:04","modified_gmt":"2022-05-27T14:03:04","slug":"barbie-loves-vincon-mattel-2009","status":"publish","type":"post","link":"https:\/\/www.lasalavincon.com\/ca\/barbie-loves-vincon-mattel-2009\/","title":{"rendered":"265 &#8211; Mattel. Barbie Loves Vin\u00e7on (2009)"},"content":{"rendered":"<p><img decoding=\"async\" src=\"https:\/\/www.lasalavincon.com\/wp-content\/uploads\/2019\/img\/265.0a.jpg\" width=\"100%\" \/><\/p>\n<h1>Barbie Loves Vin\u00e7on<\/h1>\n<h2>Mattel<\/h2>\n<h3>09\/07\/09. (Sala 265)<\/h3>\n<p>Recollim la hist\u00f2ria de Barbie com icona de la cultura pop.<\/p>\n<p>La Sala Vin\u00e7on mostra \u201cBarbie loves Vin\u00e7on\u201d, una exhibici\u00f3 per celebrar el 50 \u00e8 aniversari de la famosa nina, revisant el recorregut de la seva hist\u00f2ria des de el seu naixement com a nina maniqu\u00ed adolescent a icona de moda i cultura.<\/p>\n<p>Amb especial rellev\u00e0ncia en el m\u00f3n de la moda, la literatura, el cinema i les arts en general, Barbie \u00e9s un aut\u00e8ntic fenomen social, no tan sols a nivell mundial sin\u00f3 tamb\u00e9 a Espanya, on hi \u00e9s present des de fa 30 anys.<\/p>\n<p>Barbie t\u00e9 un univers propi i en aquesta exposici\u00f3 podr\u00e0 endinsar-se en aquest m\u00f3n que neix com a inspiraci\u00f3 de el joc de retallables de moda, i evoluciona fins a esdevenir una de les marques m\u00e9s ic\u00f2niques de l&#8217;\u00faltim segle. Aquesta particular hist\u00f2ria, la seva famosa cara i singular estil que l&#8217;han convertit en la nina m\u00e9s popular del m\u00f3n, quedaran reflectits en divertides peces, algunes d&#8217;elles mai abans vistes a Espanya.<\/p>\n<p>La mostra compta amb una selecci\u00f3 de les nines de col\u00b7lecci\u00f3 m\u00e9s ic\u00f2niques i atractives de les \u00faltimes cinc d\u00e8cades, peces d&#8217;art inspirades en Barbie, a m\u00e9s de publicitat de diferents \u00e8poques i il\u00b7lustracions molt especials.<\/p>\n<p>Paral\u00b7lelament a aquesta exposici\u00f3, comptem amb una selecci\u00f3 especial de productes Barbie dirigits a p\u00fablic adult i a col\u00b7leccionistes. Entre ells es troba una edici\u00f3 limitada del llibre commemoratiu de l&#8217;50\u00e8 aniversari editat per la prestigiosa editorial Assouline, que cont\u00e9 fotografies de Barbie \u00faniques, fetes per diferents artistes del m\u00f3n i una selecci\u00f3 de nines Barbie de col\u00b7lecci\u00f3, i altres productes inspirats en la marca.<\/p>\n<p><img decoding=\"async\" src=\"https:\/\/www.lasalavincon.com\/wp-content\/uploads\/2022\/lol\/265_1.jpg\" width=\"100%\" \/><br \/>\n<img decoding=\"async\" src=\"https:\/\/www.lasalavincon.com\/wp-content\/uploads\/2022\/lol\/265_2.jpg\" width=\"100%\" \/><br \/>\n<img decoding=\"async\" src=\"https:\/\/www.lasalavincon.com\/wp-content\/uploads\/2022\/lol\/265_3.jpg\" width=\"100%\" \/><br \/>\n<img decoding=\"async\" src=\"https:\/\/www.lasalavincon.com\/wp-content\/uploads\/2022\/lol\/265_4.jpg\" width=\"100%\" \/><br \/>\n<img decoding=\"async\" src=\"https:\/\/www.lasalavincon.com\/wp-content\/uploads\/2022\/lol\/265_5.jpg\" width=\"100%\" \/><br \/>\n<img decoding=\"async\" src=\"https:\/\/www.lasalavincon.com\/wp-content\/uploads\/2022\/lol\/265_6.jpg\" width=\"100%\" \/><\/p>\n","protected":false},"excerpt":{"rendered":"<p>La Sala Vin\u00e7on. Mattel. Barbie Loves Vin\u00e7on. 2009<\/p>\n","protected":false},"author":1,"featured_media":9504,"comment_status":"closed","ping_status":"closed","sticky":false,"template":"","format":"standard","meta":{"footnotes":""},"categories":[160,147],"tags":[],"class_list":["post-9503","post","type-post","status-publish","format-standard","has-post-thumbnail","hentry","category-2009-ca","category-exposiciones-la-sala-vincon-ca"],"_links":{"self":[{"href":"https:\/\/www.lasalavincon.com\/ca\/wp-json\/wp\/v2\/posts\/9503","targetHints":{"allow":["GET"]}}],"collection":[{"href":"https:\/\/www.lasalavincon.com\/ca\/wp-json\/wp\/v2\/posts"}],"about":[{"href":"https:\/\/www.lasalavincon.com\/ca\/wp-json\/wp\/v2\/types\/post"}],"author":[{"embeddable":true,"href":"https:\/\/www.lasalavincon.com\/ca\/wp-json\/wp\/v2\/users\/1"}],"replies":[{"embeddable":true,"href":"https:\/\/www.lasalavincon.com\/ca\/wp-json\/wp\/v2\/comments?post=9503"}],"version-history":[{"count":5,"href":"https:\/\/www.lasalavincon.com\/ca\/wp-json\/wp\/v2\/posts\/9503\/revisions"}],"predecessor-version":[{"id":14858,"href":"https:\/\/www.lasalavincon.com\/ca\/wp-json\/wp\/v2\/posts\/9503\/revisions\/14858"}],"wp:featuredmedia":[{"embeddable":true,"href":"https:\/\/www.lasalavincon.com\/ca\/wp-json\/wp\/v2\/media\/9504"}],"wp:attachment":[{"href":"https:\/\/www.lasalavincon.com\/ca\/wp-json\/wp\/v2\/media?parent=9503"}],"wp:term":[{"taxonomy":"category","embeddable":true,"href":"https:\/\/www.lasalavincon.com\/ca\/wp-json\/wp\/v2\/categories?post=9503"},{"taxonomy":"post_tag","embeddable":true,"href":"https:\/\/www.lasalavincon.com\/ca\/wp-json\/wp\/v2\/tags?post=9503"}],"curies":[{"name":"wp","href":"https:\/\/api.w.org\/{rel}","templated":true}]}}