{"id":9419,"date":"2011-11-03T20:00:04","date_gmt":"2011-11-03T20:00:04","guid":{"rendered":"https:\/\/www.lasalavincon.com\/tolomeo-xxl-artemide-2011\/"},"modified":"2022-03-17T13:02:43","modified_gmt":"2022-03-17T13:02:43","slug":"tolomeo-xxl-artemide-2011","status":"publish","type":"post","link":"https:\/\/www.lasalavincon.com\/ca\/tolomeo-xxl-artemide-2011\/","title":{"rendered":"278 &#8211; Artemide. Tolomeo XXL (2011)"},"content":{"rendered":"<p><img decoding=\"async\" src=\"https:\/\/www.lasalavincon.com\/wp-content\/uploads\/2019\/img\/278.0a.jpg\" width=\"100%\" \/><\/p>\n<h1>Tolomeo XXL<\/h1>\n<h2>Artemide<\/h2>\n<h3>03\/11\/11. (Sala 278)<\/h3>\n<p>Dissenyada per Michele De Lucchi i Giancarlo Fassina. 2009.<\/p>\n<p>Tot va comen\u00e7ar en 1987, quan Michele de Lucchi va presentar per primera vegada el llum d&#8217;escriptori Tolomeo Tavolo. Des de llavors, el llum Tolomeo Tavolo s&#8217;ha convertit en una icona de la il\u00b7luminaci\u00f3 d&#8217;escriptori i \u00e9s probablement el llum m\u00e9s conegut de la seva classe.<\/p>\n<p>Vint-i-dos anys despr\u00e9s, Artemide amplia la fam\u00edlia Tolomeo amb el model XXL, un llum de grans dimensions. Escala 4:1 respecte al model de sobretaula. La base \u00e9s de ciment (150 kg). L\u2019estructura dels bra\u00e7os m\u00f2bils d\u2019alumini polit amb pantalla d\u2019alumini pintat. (70 kg) El grau IP65 la fa id\u00f2nia per exteriors.<\/p>\n","protected":false},"excerpt":{"rendered":"<p>La Sala Vin\u00e7on. Artemide. Tolomeo XXL. 2011<\/p>\n","protected":false},"author":1,"featured_media":9420,"comment_status":"closed","ping_status":"closed","sticky":false,"template":"","format":"standard","meta":{"footnotes":""},"categories":[156,147],"tags":[],"class_list":["post-9419","post","type-post","status-publish","format-standard","has-post-thumbnail","hentry","category-2011-ca","category-exposiciones-la-sala-vincon-ca"],"_links":{"self":[{"href":"https:\/\/www.lasalavincon.com\/ca\/wp-json\/wp\/v2\/posts\/9419","targetHints":{"allow":["GET"]}}],"collection":[{"href":"https:\/\/www.lasalavincon.com\/ca\/wp-json\/wp\/v2\/posts"}],"about":[{"href":"https:\/\/www.lasalavincon.com\/ca\/wp-json\/wp\/v2\/types\/post"}],"author":[{"embeddable":true,"href":"https:\/\/www.lasalavincon.com\/ca\/wp-json\/wp\/v2\/users\/1"}],"replies":[{"embeddable":true,"href":"https:\/\/www.lasalavincon.com\/ca\/wp-json\/wp\/v2\/comments?post=9419"}],"version-history":[{"count":4,"href":"https:\/\/www.lasalavincon.com\/ca\/wp-json\/wp\/v2\/posts\/9419\/revisions"}],"predecessor-version":[{"id":12664,"href":"https:\/\/www.lasalavincon.com\/ca\/wp-json\/wp\/v2\/posts\/9419\/revisions\/12664"}],"wp:featuredmedia":[{"embeddable":true,"href":"https:\/\/www.lasalavincon.com\/ca\/wp-json\/wp\/v2\/media\/9420"}],"wp:attachment":[{"href":"https:\/\/www.lasalavincon.com\/ca\/wp-json\/wp\/v2\/media?parent=9419"}],"wp:term":[{"taxonomy":"category","embeddable":true,"href":"https:\/\/www.lasalavincon.com\/ca\/wp-json\/wp\/v2\/categories?post=9419"},{"taxonomy":"post_tag","embeddable":true,"href":"https:\/\/www.lasalavincon.com\/ca\/wp-json\/wp\/v2\/tags?post=9419"}],"curies":[{"name":"wp","href":"https:\/\/api.w.org\/{rel}","templated":true}]}}