{"id":10745,"date":"1973-10-23T20:00:44","date_gmt":"1973-10-23T20:00:44","guid":{"rendered":"https:\/\/www.lasalavincon.com\/mostre-naturaleses-josep-domenech-1973\/"},"modified":"2022-05-27T09:59:24","modified_gmt":"2022-05-27T09:59:24","slug":"mostre-naturaleses-josep-domenech-1973","status":"publish","type":"post","link":"https:\/\/www.lasalavincon.com\/ca\/mostre-naturaleses-josep-domenech-1973\/","title":{"rendered":"010 &#8211; Josep Domenech. Mostre naturaleses (1973)"},"content":{"rendered":"<p><img decoding=\"async\" src=\"https:\/\/www.lasalavincon.com\/wp-content\/uploads\/2019\/img\/010.0a.jpg\" width=\"100%\" \/><\/p>\n<h1>Mostre naturaleses<\/h1>\n<h2>Josep Domenech<\/h2>\n<h3>23\/10\/73. (Sala 010)<\/h3>\n<p>Amb el t\u00edtol Mostre Natureleses, Josep Dom\u00e8nech, autor relacionat amb les corrents conceptuals, va col.locar al centre de La Sala una gran vitrina, amb una sola prestatgeria, on s\u2019hi posaren pots de vidre, tapats. Els pots plens de l\u00edquid, contenien diferents elements org\u00e0nics.<\/p>\n<p>El seu inter\u00e8s pels temes orientals, per l&#8217;aproximaci\u00f3 a la natura, tamb\u00e9 a les naturaleses mortes de les pintures i, fins i tot, pels records dels jocs infantils, li va portar a conservar en aquests pots elements naturals.<\/p>\n<p><img decoding=\"async\" src=\"https:\/\/www.lasalavincon.com\/wp-content\/uploads\/2019\/img\/010.0b.jpg\" width=\"100%\" \/><br \/>\n<img decoding=\"async\" src=\"https:\/\/www.lasalavincon.com\/wp-content\/uploads\/2019\/img\/010.0c.jpg\" width=\"100%\" \/><br \/>\n<img decoding=\"async\" src=\"https:\/\/www.lasalavincon.com\/wp-content\/uploads\/2019\/img\/010.0d.jpg\" width=\"100%\" \/><br \/>\n<img decoding=\"async\" src=\"https:\/\/www.lasalavincon.com\/wp-content\/uploads\/2019\/img\/010.0e.jpg\" width=\"100%\" \/><br \/>\n<img decoding=\"async\" src=\"https:\/\/www.lasalavincon.com\/wp-content\/uploads\/2019\/img\/010.0f.jpg\" width=\"100%\" \/><br \/>\n<img decoding=\"async\" src=\"https:\/\/www.lasalavincon.com\/wp-content\/uploads\/2022\/lol\/010_1.jpg\" width=\"100%\" \/><br \/>\n<img decoding=\"async\" src=\"https:\/\/www.lasalavincon.com\/wp-content\/uploads\/2022\/lol\/010_2.jpg\" width=\"100%\" \/><br \/>\n<img decoding=\"async\" src=\"https:\/\/www.lasalavincon.com\/wp-content\/uploads\/2022\/lol\/010_3.jpg\" width=\"100%\" \/><br \/>\n<img decoding=\"async\" src=\"https:\/\/www.lasalavincon.com\/wp-content\/uploads\/2022\/lol\/010_4.jpg\" width=\"100%\" \/><br \/>\n<img decoding=\"async\" src=\"https:\/\/www.lasalavincon.com\/wp-content\/uploads\/2022\/lol\/010_5.jpg\" width=\"100%\" \/><br \/>\n<img decoding=\"async\" src=\"https:\/\/www.lasalavincon.com\/wp-content\/uploads\/2022\/lol\/010_6.jpg\" width=\"100%\" \/><\/p>\n","protected":false},"excerpt":{"rendered":"<p>La Sala Vin\u00e7on. Josep Domenech. Mostre naturaleses. 1973<\/p>\n","protected":false},"author":1,"featured_media":10746,"comment_status":"closed","ping_status":"closed","sticky":false,"template":"","format":"standard","meta":{"footnotes":""},"categories":[218,147],"tags":[],"class_list":["post-10745","post","type-post","status-publish","format-standard","has-post-thumbnail","hentry","category-1973-ca","category-exposiciones-la-sala-vincon-ca"],"_links":{"self":[{"href":"https:\/\/www.lasalavincon.com\/ca\/wp-json\/wp\/v2\/posts\/10745","targetHints":{"allow":["GET"]}}],"collection":[{"href":"https:\/\/www.lasalavincon.com\/ca\/wp-json\/wp\/v2\/posts"}],"about":[{"href":"https:\/\/www.lasalavincon.com\/ca\/wp-json\/wp\/v2\/types\/post"}],"author":[{"embeddable":true,"href":"https:\/\/www.lasalavincon.com\/ca\/wp-json\/wp\/v2\/users\/1"}],"replies":[{"embeddable":true,"href":"https:\/\/www.lasalavincon.com\/ca\/wp-json\/wp\/v2\/comments?post=10745"}],"version-history":[{"count":4,"href":"https:\/\/www.lasalavincon.com\/ca\/wp-json\/wp\/v2\/posts\/10745\/revisions"}],"predecessor-version":[{"id":14382,"href":"https:\/\/www.lasalavincon.com\/ca\/wp-json\/wp\/v2\/posts\/10745\/revisions\/14382"}],"wp:featuredmedia":[{"embeddable":true,"href":"https:\/\/www.lasalavincon.com\/ca\/wp-json\/wp\/v2\/media\/10746"}],"wp:attachment":[{"href":"https:\/\/www.lasalavincon.com\/ca\/wp-json\/wp\/v2\/media?parent=10745"}],"wp:term":[{"taxonomy":"category","embeddable":true,"href":"https:\/\/www.lasalavincon.com\/ca\/wp-json\/wp\/v2\/categories?post=10745"},{"taxonomy":"post_tag","embeddable":true,"href":"https:\/\/www.lasalavincon.com\/ca\/wp-json\/wp\/v2\/tags?post=10745"}],"curies":[{"name":"wp","href":"https:\/\/api.w.org\/{rel}","templated":true}]}}