{"id":10733,"date":"1973-11-05T20:00:44","date_gmt":"1973-11-05T20:00:44","guid":{"rendered":"https:\/\/www.lasalavincon.com\/tramesa-postal-eina-1973\/"},"modified":"2022-03-21T07:59:07","modified_gmt":"2022-03-21T07:59:07","slug":"tramesa-postal-eina-1973","status":"publish","type":"post","link":"https:\/\/www.lasalavincon.com\/ca\/tramesa-postal-eina-1973\/","title":{"rendered":"013 &#8211; Eina. Tramesa postal (1973)"},"content":{"rendered":"<p><img decoding=\"async\" src=\"https:\/\/www.lasalavincon.com\/wp-content\/uploads\/2019\/img\/013.0a.jpg\" width=\"100%\" \/><\/p>\n<h1>Tramesa postal<\/h1>\n<h2>Eina<\/h2>\n<h3>05\/11\/73. (Sala 013)<\/h3>\n<p>L&#8217;escola de disseny Eina va convidar a trav\u00e9s del correu postal a un gran nombre d&#8217;artistes, del camp de la pl\u00e0stica, l&#8217;arquitectura, l&#8217;escriptura, etc., de molts i variats pa\u00efsos, convidant-los a un intercanvi de treballs, idees o propostes provinents dels diferents corrents de l&#8217;art contemporani.<\/p>\n<p>La primera comunicaci\u00f3 la va establir Eina enviant una sol\u00b7licitud a persones conegudes i demanant-los que transmetessin el missatge a uns altres, d&#8217;aquesta manera la participaci\u00f3 va tenir un creixement inesperat i aut\u00f2nom: telegrames, caixes de cart\u00f3, poemes, fotografies, dibuixos, reportatges, mapes,\u2026 una bona mostra de <i>mail art<\/i>.<\/p>\n<p>A la Sala Vin\u00e7on es van col\u00b7locar diversos panells que contenien els materials rebuts, una gran quantitat d&#8217;objectes diversos, malgrat les limitacions de pes i grand\u00e0ria que comporta el correu postal.<\/p>\n<p><img decoding=\"async\" src=\"https:\/\/www.lasalavincon.com\/wp-content\/uploads\/2019\/img\/013.0b.jpg\" width=\"100%\" \/><\/p>\n<p><img decoding=\"async\" src=\"https:\/\/www.lasalavincon.com\/wp-content\/uploads\/2019\/img\/013.0c.jpg\" width=\"100%\" \/><\/p>\n","protected":false},"excerpt":{"rendered":"<p>La Sala Vin\u00e7on. Eina. Tramesa postal. 1973<\/p>\n","protected":false},"author":1,"featured_media":10734,"comment_status":"closed","ping_status":"closed","sticky":false,"template":"","format":"standard","meta":{"footnotes":""},"categories":[218,147],"tags":[],"class_list":["post-10733","post","type-post","status-publish","format-standard","has-post-thumbnail","hentry","category-1973-ca","category-exposiciones-la-sala-vincon-ca"],"_links":{"self":[{"href":"https:\/\/www.lasalavincon.com\/ca\/wp-json\/wp\/v2\/posts\/10733","targetHints":{"allow":["GET"]}}],"collection":[{"href":"https:\/\/www.lasalavincon.com\/ca\/wp-json\/wp\/v2\/posts"}],"about":[{"href":"https:\/\/www.lasalavincon.com\/ca\/wp-json\/wp\/v2\/types\/post"}],"author":[{"embeddable":true,"href":"https:\/\/www.lasalavincon.com\/ca\/wp-json\/wp\/v2\/users\/1"}],"replies":[{"embeddable":true,"href":"https:\/\/www.lasalavincon.com\/ca\/wp-json\/wp\/v2\/comments?post=10733"}],"version-history":[{"count":4,"href":"https:\/\/www.lasalavincon.com\/ca\/wp-json\/wp\/v2\/posts\/10733\/revisions"}],"predecessor-version":[{"id":12891,"href":"https:\/\/www.lasalavincon.com\/ca\/wp-json\/wp\/v2\/posts\/10733\/revisions\/12891"}],"wp:featuredmedia":[{"embeddable":true,"href":"https:\/\/www.lasalavincon.com\/ca\/wp-json\/wp\/v2\/media\/10734"}],"wp:attachment":[{"href":"https:\/\/www.lasalavincon.com\/ca\/wp-json\/wp\/v2\/media?parent=10733"}],"wp:term":[{"taxonomy":"category","embeddable":true,"href":"https:\/\/www.lasalavincon.com\/ca\/wp-json\/wp\/v2\/categories?post=10733"},{"taxonomy":"post_tag","embeddable":true,"href":"https:\/\/www.lasalavincon.com\/ca\/wp-json\/wp\/v2\/tags?post=10733"}],"curies":[{"name":"wp","href":"https:\/\/api.w.org\/{rel}","templated":true}]}}