{"id":10527,"date":"1987-06-04T20:00:50","date_gmt":"1987-06-04T20:00:50","guid":{"rendered":"https:\/\/www.lasalavincon.com\/medalles-adi-adi-fad-1987\/"},"modified":"2022-05-27T11:10:48","modified_gmt":"2022-05-27T11:10:48","slug":"medalles-adi-adi-fad-1987","status":"publish","type":"post","link":"https:\/\/www.lasalavincon.com\/ca\/medalles-adi-adi-fad-1987\/","title":{"rendered":"089 &#8211; ADI FAD. Medalles Adi (1987)"},"content":{"rendered":"<p><img decoding=\"async\" src=\"https:\/\/www.lasalavincon.com\/wp-content\/uploads\/2019\/img\/089.0a.jpg\" width=\"100%\" \/><\/p>\n<h1>Medalles Adi<\/h1>\n<h2>ADI FAD<\/h2>\n<h3>04\/06\/87. (Sala 089)<\/h3>\n<p>ADIFAD convoca als estudiants de totes les escoles de disseny, a participar al Premi \u201cMedalla ADI\u201d, amb llurs treballs acad\u00e8mics.<\/p>\n<p>Entrega de premis: 4 de Juny del 1987<br \/>\nFins el dia 20 de Juny<\/p>\n<p>Des de l\u2019any 1976, ADI FAD organitza el concurs \u201cMedalla ADI\u201d obert a la participaci\u00f3 de tots els estudiants de darrer curs de disseny industrial, exposant una selecci\u00f3 de llurs projectes. Aquest concurs compte, en cada convocat\u00f2ria, amb el patrocini de les institucions i de diferents organismes.<\/p>\n<p>La intenci\u00f3 d\u2019aquest concurs rau en l\u2019est\u00edmul i el reconeixement de la qualitat dels treballs dels alumnes de totes les escoles de disseny. L\u2019atorgament de les medalles no nom\u00e9s considera els aspectes pr\u00f2piament projectuals dels treballs, sin\u00f3 que, a m\u00e9s, fa menci\u00f3 d\u2019aquells que tinguin inter\u00e8s documental, conceptual, formal o creatiu especial.<\/p>\n<p>La composici\u00f3 del jurat es fa p\u00fablica amb anticipaci\u00f3, i el formen un membre de la junta d\u2019ADI FAD juntament amb professionals qualificats del m\u00f3n del disseny tant nacional com internacional.<\/p>\n<p>En aquesta convocat\u00f2ria el jurat estar\u00e0 format per:<br \/>\nCarles Ferrater. President d\u2019Adi Fad i Professor de Projectes de l\u2019Escola T\u00e8cnica Superior d\u2019Arquitectura de Barcelona.<br \/>\nMiquel Mil\u00e0. Dissenyador Industrial.<br \/>\nJosep M. Montaner. Arquitecte. Professor de Teoria i Hist\u00f2ria de l\u2019Escola T\u00e8cnica Superior d\u2019Arquitectura de Barcelona.<br \/>\nPete Sans. Dissenyador Industrial.<br \/>\nAldo Sessano. Dissenyador Industrial.<\/p>\n<p>Inauguraci\u00f3 i Entrega de Premis dia 4 de Juny a les 8 de la tarda.L\u2019acte es celebrar\u00e0 a la terrassa del primer pis a les 9 de la tarda.<\/p>\n<p>Barcelona, Juny del 1987.<\/p>\n<p><img decoding=\"async\" src=\"https:\/\/www.lasalavincon.com\/wp-content\/uploads\/2022\/lol\/089_1.jpg\" width=\"100%\" \/><br \/>\n<img decoding=\"async\" src=\"https:\/\/www.lasalavincon.com\/wp-content\/uploads\/2022\/lol\/089_2.jpg\" width=\"100%\" \/><br \/>\n<img decoding=\"async\" src=\"https:\/\/www.lasalavincon.com\/wp-content\/uploads\/2022\/lol\/089_3.jpg\" width=\"100%\" \/><br \/>\n<img decoding=\"async\" src=\"https:\/\/www.lasalavincon.com\/wp-content\/uploads\/2022\/lol\/089_4.jpg\" width=\"100%\" \/><\/p>\n","protected":false},"excerpt":{"rendered":"<p>La Sala Vin\u00e7on. ADI FAD. Medalles Adi. 1987<\/p>\n","protected":false},"author":1,"featured_media":10528,"comment_status":"closed","ping_status":"closed","sticky":false,"template":"","format":"standard","meta":{"footnotes":""},"categories":[204,147],"tags":[],"class_list":["post-10527","post","type-post","status-publish","format-standard","has-post-thumbnail","hentry","category-1987-ca","category-exposiciones-la-sala-vincon-ca"],"_links":{"self":[{"href":"https:\/\/www.lasalavincon.com\/ca\/wp-json\/wp\/v2\/posts\/10527","targetHints":{"allow":["GET"]}}],"collection":[{"href":"https:\/\/www.lasalavincon.com\/ca\/wp-json\/wp\/v2\/posts"}],"about":[{"href":"https:\/\/www.lasalavincon.com\/ca\/wp-json\/wp\/v2\/types\/post"}],"author":[{"embeddable":true,"href":"https:\/\/www.lasalavincon.com\/ca\/wp-json\/wp\/v2\/users\/1"}],"replies":[{"embeddable":true,"href":"https:\/\/www.lasalavincon.com\/ca\/wp-json\/wp\/v2\/comments?post=10527"}],"version-history":[{"count":4,"href":"https:\/\/www.lasalavincon.com\/ca\/wp-json\/wp\/v2\/posts\/10527\/revisions"}],"predecessor-version":[{"id":14521,"href":"https:\/\/www.lasalavincon.com\/ca\/wp-json\/wp\/v2\/posts\/10527\/revisions\/14521"}],"wp:featuredmedia":[{"embeddable":true,"href":"https:\/\/www.lasalavincon.com\/ca\/wp-json\/wp\/v2\/media\/10528"}],"wp:attachment":[{"href":"https:\/\/www.lasalavincon.com\/ca\/wp-json\/wp\/v2\/media?parent=10527"}],"wp:term":[{"taxonomy":"category","embeddable":true,"href":"https:\/\/www.lasalavincon.com\/ca\/wp-json\/wp\/v2\/categories?post=10527"},{"taxonomy":"post_tag","embeddable":true,"href":"https:\/\/www.lasalavincon.com\/ca\/wp-json\/wp\/v2\/tags?post=10527"}],"curies":[{"name":"wp","href":"https:\/\/api.w.org\/{rel}","templated":true}]}}